{"id":184,"date":"2021-08-07T12:56:45","date_gmt":"2021-08-07T15:56:45","guid":{"rendered":"https:\/\/reyerta.noblogs.org\/?p=184"},"modified":"2021-08-07T12:58:50","modified_gmt":"2021-08-07T15:58:50","slug":"definicion-minima-de-las-organizaciones-revolucionarias","status":"publish","type":"post","link":"https:\/\/reyerta.noblogs.org\/?p=184","title":{"rendered":"Definici\u00f3n m\u00ednima de las organizaciones revolucionarias"},"content":{"rendered":"<h4 style=\"text-align: right\" align=\"center\">Internationale Situationniste<\/h4>\n<p style=\"text-align: justify\" align=\"center\">Publicado originalmente en\u00a0<em><a href=\"https:\/\/sindominio.net\/ash\/is0000.html\">Internationale Situationniste<\/a><\/em>\u00a0# 11, octubre del 67. Trad. de Juan Fonseca publicada en DEBATE LIBERTARIO 2 &#8211; Serie Acci\u00f3n directa &#8211; Campo Abierto Ediciones, mayo 1977.<\/p>\n<p style=\"text-align: justify\">Considerando que el \u00fanico fin de una organizaci\u00f3n revolucionaria es la abolici\u00f3n de las clases existentes por m\u00e9todos que no lleven a una nueva divisi\u00f3n de la sociedad, calificamos de revolucionaria a cualquier organizaci\u00f3n que persiga de manera consecuente la realizaci\u00f3n internacional del poder absoluto de los consejos obreros tal y como ha sido esbozado por las experiencias de las revoluciones proletarias de este siglo.<!--more--><\/p>\n<p style=\"text-align: justify\">Tal organizaci\u00f3n presenta una cr\u00edtica unitaria del mundo o no es nada. Por cr\u00edtica unitaria entendemos una cr\u00edtica dirigida globalmente contra todas las zonas geogr\u00e1ficas donde se han instalado diversas formas de poderes socio-econ\u00f3micos separados, y que se pronuncie tambi\u00e9n globalmente contra todos los aspectos de la vida.<\/p>\n<p style=\"text-align: justify\">Tal organizaci\u00f3n reconoce el comienzo y el fin de su programa en la descolonizaci\u00f3n total de la vida cotidiana; no pretende la autogesti\u00f3n del\u00a0<em>mundo existente<\/em>\u00a0por las masas, sino su transformaci\u00f3n ininterrumpida. Realiza la cr\u00edtica radical de la econom\u00eda pol\u00edtica, la superaci\u00f3n de la mercanc\u00eda y del salario.<\/p>\n<p style=\"text-align: justify\">Tal organizaci\u00f3n rechaza toda reproducci\u00f3n en su interior de las condiciones jar\u00e1rquicas del mundo dominante. El \u00fanico l\u00edmite de la participaci\u00f3n en su democracia total es el reconocimiento y la auto-apropiaci\u00f3n por todos sus miembros de la coherencia de su cr\u00edtica: esa coherencia debe estar en la teor\u00eda cr\u00edtica propiamente dicha y en la correlaci\u00f3n entre esa teor\u00eda y la actividad pr\u00e1ctica. Critica radicalmente toda\u00a0<em>ideolog\u00eda\u00a0<\/em>en tanto que\u00a0<em>poder separado<\/em>\u00a0de las ideas e\u00a0<em>ideas del poder separado<\/em>. As\u00ed es al mismo tiempo la negaci\u00f3n de toda supervivencia de la religi\u00f3n y del actual espect\u00e1culo social que, desde la informaci\u00f3n a la cultura masificada, monopoliza toda comunicaci\u00f3n de los hombres alrededor de una recepci\u00f3n unilateral de las im\u00e1genes de su actividad alienada. Disuelve toda \u00abideolog\u00eda revolucionaria\u00bb desenmascar\u00e1ndola como indicaci\u00f3n del fracaso del proyecto revolucionario, como propiedad privada de los nuevos especialistas del poder, como impostura de una nueva representaci\u00f3n que se erige por encima de la vida real proletarizada.<\/p>\n<p style=\"text-align: justify\">Siendo la categor\u00eda de totalidad\u00a0<em>el juicio \u00faltimo<\/em>\u00a0de la organizaci\u00f3n revolucionaria moderna, dicha organizaci\u00f3n es en \u00faltimo t\u00e9rmino una cr\u00edtica de la pol\u00edtica. Debe intentar expl\u00edcitamente, con su victoria, su propio fin en tanto que organizaci\u00f3n separada.<\/p>\n","protected":false},"excerpt":{"rendered":"<p>Internationale Situationniste Publicado originalmente en\u00a0Internationale Situationniste\u00a0# 11, octubre del 67. Trad. de Juan Fonseca publicada en DEBATE LIBERTARIO 2 &#8211; Serie Acci\u00f3n directa &#8211; Campo Abierto Ediciones, mayo 1977. Considerando que el \u00fanico fin de una organizaci\u00f3n revolucionaria es la abolici\u00f3n de las clases existentes por m\u00e9todos que no lleven a una nueva divisi\u00f3n de &hellip; <a href=\"https:\/\/reyerta.noblogs.org\/?p=184\" class=\"more-link\">Sigue leyendo <span class=\"screen-reader-text\">Definici\u00f3n m\u00ednima de las organizaciones revolucionarias<\/span><\/a><\/p>\n","protected":false},"author":15645,"featured_media":187,"comment_status":"closed","ping_status":"closed","sticky":false,"template":"","format":"standard","meta":{"footnotes":""},"categories":[2],"tags":[],"class_list":["post-184","post","type-post","status-publish","format-standard","has-post-thumbnail","hentry","category-teoria"],"_links":{"self":[{"href":"https:\/\/reyerta.noblogs.org\/index.php?rest_route=\/wp\/v2\/posts\/184","targetHints":{"allow":["GET"]}}],"collection":[{"href":"https:\/\/reyerta.noblogs.org\/index.php?rest_route=\/wp\/v2\/posts"}],"about":[{"href":"https:\/\/reyerta.noblogs.org\/index.php?rest_route=\/wp\/v2\/types\/post"}],"author":[{"embeddable":true,"href":"https:\/\/reyerta.noblogs.org\/index.php?rest_route=\/wp\/v2\/users\/15645"}],"replies":[{"embeddable":true,"href":"https:\/\/reyerta.noblogs.org\/index.php?rest_route=%2Fwp%2Fv2%2Fcomments&post=184"}],"version-history":[{"count":2,"href":"https:\/\/reyerta.noblogs.org\/index.php?rest_route=\/wp\/v2\/posts\/184\/revisions"}],"predecessor-version":[{"id":188,"href":"https:\/\/reyerta.noblogs.org\/index.php?rest_route=\/wp\/v2\/posts\/184\/revisions\/188"}],"wp:featuredmedia":[{"embeddable":true,"href":"https:\/\/reyerta.noblogs.org\/index.php?rest_route=\/wp\/v2\/media\/187"}],"wp:attachment":[{"href":"https:\/\/reyerta.noblogs.org\/index.php?rest_route=%2Fwp%2Fv2%2Fmedia&parent=184"}],"wp:term":[{"taxonomy":"category","embeddable":true,"href":"https:\/\/reyerta.noblogs.org\/index.php?rest_route=%2Fwp%2Fv2%2Fcategories&post=184"},{"taxonomy":"post_tag","embeddable":true,"href":"https:\/\/reyerta.noblogs.org\/index.php?rest_route=%2Fwp%2Fv2%2Ftags&post=184"}],"curies":[{"name":"wp","href":"https:\/\/api.w.org\/{rel}","templated":true}]}}